{"id":507,"date":"2023-03-27T18:38:36","date_gmt":"2023-03-27T18:38:36","guid":{"rendered":"https:\/\/rodksieciajozefa.pl\/?p=507"},"modified":"2023-04-11T06:46:44","modified_gmt":"2023-04-11T06:46:44","slug":"walne-zebranie-rod-odbedzie-sie-22-04-2023","status":"publish","type":"post","link":"https:\/\/rodksieciajozefa.pl\/index.php\/2023\/03\/27\/walne-zebranie-rod-odbedzie-sie-22-04-2023\/","title":{"rendered":"Walne Zebranie ROD odb\u0119dzie si\u0119 22.04.2023"},"content":{"rendered":"\n<p class=\"wp-block-paragraph\">Zarz\u0105d ROD im Ksi\u0119cia J\u00f3zefa w Krakowie zaprasza Wszystkich Dzia\u0142kowc\u00f3w upowa\u017cnionych do uczestnictwa tj. cz\u0142onk\u00f3w PZD w Walnym Zebraniu ROD w dniu 22.04.2023 roku w siedzibie biura ROD Zofi\u00f3wce:<br>&#8211; o godz. 11:00 \u2013 pierwszy termin,<br>&#8211; o godz. 11:30 \u2013 drugi termin.<br>Proponowany porz\u0105dek obrad WZ oraz Informacja Finansowa dot. prowadzenia ROD za 2022 r. b\u0119d\u0105 wystawione na tablicach og\u0142osze\u0144.<br>Dokumenty finansowe b\u0119d\u0105 wystawione do wgl\u0105du w biurze Zofi\u00f3wki w terminie 8 kwietnia br. w godz. 11:00 -12:00 oraz w dniu Walnego Zebrania od godz. 10:00.<br><br>Zarz\u0105d ROD serdecznie zaprasza Wszystkich upowa\u017cnionych Dzia\u0142kowc\u00f3w cz\u0142onk\u00f3w PZD.<br>Jednocze\u015bnie Zarz\u0105d ROD informuje, \u017ce po zebraniu odb\u0119dzie si\u0119 w ramach sprz\u0105tania \u015bwiata wsp\u00f3lne sprz\u0105tanie ogrodu oraz teren\u00f3w przyleg\u0142ych. Serdecznie zapraszamy<\/p>\n\n\n\n<p class=\"wp-block-paragraph\"><em>z wyrazami szacunku<br>w imieniu<br>Zarz\u0105du ROD<br>Prezes i Wice Prezes<\/em><\/p>\n\n\n\n<div data-wp-interactive=\"core\/file\" class=\"wp-block-file\"><object data-wp-bind--hidden=\"!state.hasPdfPreview\" hidden class=\"wp-block-file__embed\" data=\"https:\/\/rodksieciajozefa.pl\/wp-content\/uploads\/2023\/03\/Porzadek-Obrad-WZ-ROD-2023-1.pdf\" type=\"application\/pdf\" style=\"width:100%;height:600px\" aria-label=\"Osadzone z Porzadek-Obrad-WZ-ROD-2023-1.\"><\/object><a id=\"wp-block-file--media-4d951ab7-6011-43f8-8ab0-0d3920435df5\" href=\"https:\/\/rodksieciajozefa.pl\/wp-content\/uploads\/2023\/03\/Porzadek-Obrad-WZ-ROD-2023-1.pdf\">Porzadek-Obrad-WZ-ROD-2023-1<\/a><a href=\"https:\/\/rodksieciajozefa.pl\/wp-content\/uploads\/2023\/03\/Porzadek-Obrad-WZ-ROD-2023-1.pdf\" class=\"wp-block-file__button wp-element-button\" download aria-describedby=\"wp-block-file--media-4d951ab7-6011-43f8-8ab0-0d3920435df5\">Pobierz<\/a><\/div>\n\n\n\n<div data-wp-interactive=\"core\/file\" class=\"wp-block-file\"><object data-wp-bind--hidden=\"!state.hasPdfPreview\" hidden class=\"wp-block-file__embed\" data=\"https:\/\/rodksieciajozefa.pl\/wp-content\/uploads\/2023\/03\/Regulsmin-WZ-2023-1.pdf\" type=\"application\/pdf\" style=\"width:100%;height:600px\" aria-label=\"Osadzone z Regulsmin-WZ-2023-1.\"><\/object><a id=\"wp-block-file--media-ced2e8ae-6c30-4bc9-990c-86f8653b5986\" href=\"https:\/\/rodksieciajozefa.pl\/wp-content\/uploads\/2023\/03\/Regulsmin-WZ-2023-1.pdf\">Regulsmin-WZ-2023-1<\/a><a href=\"https:\/\/rodksieciajozefa.pl\/wp-content\/uploads\/2023\/03\/Regulsmin-WZ-2023-1.pdf\" class=\"wp-block-file__button wp-element-button\" download aria-describedby=\"wp-block-file--media-ced2e8ae-6c30-4bc9-990c-86f8653b5986\">Pobierz<\/a><\/div>\n\n\n\n<div data-wp-interactive=\"core\/file\" class=\"wp-block-file\"><object data-wp-bind--hidden=\"!state.hasPdfPreview\" hidden class=\"wp-block-file__embed\" data=\"https:\/\/rodksieciajozefa.pl\/wp-content\/uploads\/2023\/03\/Regulsmin-WZ-2023-2.pdf\" type=\"application\/pdf\" style=\"width:100%;height:600px\" aria-label=\"Osadzone z Regulsmin-WZ-2023-2.\"><\/object><a id=\"wp-block-file--media-c65ddaa5-f891-40e5-ae35-826c2eb05f68\" href=\"https:\/\/rodksieciajozefa.pl\/wp-content\/uploads\/2023\/03\/Regulsmin-WZ-2023-2.pdf\">Regulsmin-WZ-2023-2<\/a><a href=\"https:\/\/rodksieciajozefa.pl\/wp-content\/uploads\/2023\/03\/Regulsmin-WZ-2023-2.pdf\" class=\"wp-block-file__button wp-element-button\" download aria-describedby=\"wp-block-file--media-c65ddaa5-f891-40e5-ae35-826c2eb05f68\">Pobierz<\/a><\/div>\n","protected":false},"excerpt":{"rendered":"<p>Zarz\u0105d ROD im Ksi\u0119cia J\u00f3zefa w Krakowie zaprasza Wszystkich Dzia\u0142kowc\u00f3w upowa\u017cnionych do uczestnictwa tj. cz\u0142onk\u00f3w PZD w Walnym Zebraniu ROD [&hellip;]<\/p>\n","protected":false},"author":2,"featured_media":0,"comment_status":"closed","ping_status":"closed","sticky":false,"template":"","format":"standard","meta":{"om_disable_all_campaigns":false,"ngg_post_thumbnail":0,"footnotes":""},"categories":[1],"tags":[],"class_list":["post-507","post","type-post","status-publish","format-standard","hentry","category-ogloszenia"],"aioseo_notices":[],"aioseo_head":"\n\t\t<!-- All in One SEO 5.0.1.1 - aioseo.com -->\n\t<meta name=\"description\" content=\"Zarz\u0105d ROD im Ksi\u0119cia J\u00f3zefa w Krakowie zaprasza Wszystkich Dzia\u0142kowc\u00f3w upowa\u017cnionych do uczestnictwa tj. cz\u0142onk\u00f3w PZD w Walnym Zebraniu ROD w dniu 22.04.2023 roku w siedzibie biura ROD Zofi\u00f3wce:- o godz. 11:00 \u2013 pierwszy termin,- o godz. 11:30 \u2013 drugi termin.Proponowany porz\u0105dek obrad WZ oraz Informacja Finansowa dot. prowadzenia ROD za 2022 r. b\u0119d\u0105 wystawione\" \/>\n\t<meta name=\"robots\" content=\"max-image-preview:large\" \/>\n\t<meta name=\"author\" content=\"Zarz\u0105d ROD\"\/>\n\t<link rel=\"canonical\" href=\"https:\/\/rodksieciajozefa.pl\/index.php\/2023\/03\/27\/walne-zebranie-rod-odbedzie-sie-22-04-2023\/\" \/>\n\t<meta name=\"generator\" content=\"All in One SEO (AIOSEO) 5.0.1.1\" \/>\n\t\t<meta property=\"og:locale\" content=\"pl_PL\" \/>\n\t\t<meta property=\"og:site_name\" content=\"ROD im. Ksi\u0119cia J\u00f3zefa w Krakowie -\" \/>\n\t\t<meta property=\"og:type\" content=\"article\" \/>\n\t\t<meta property=\"og:title\" content=\"Walne Zebranie ROD odb\u0119dzie si\u0119 22.04.2023 - ROD im. Ksi\u0119cia J\u00f3zefa w Krakowie\" \/>\n\t\t<meta property=\"og:description\" content=\"Zarz\u0105d ROD im Ksi\u0119cia J\u00f3zefa w Krakowie zaprasza Wszystkich Dzia\u0142kowc\u00f3w upowa\u017cnionych do uczestnictwa tj. cz\u0142onk\u00f3w PZD w Walnym Zebraniu ROD w dniu 22.04.2023 roku w siedzibie biura ROD Zofi\u00f3wce:- o godz. 11:00 \u2013 pierwszy termin,- o godz. 11:30 \u2013 drugi termin.Proponowany porz\u0105dek obrad WZ oraz Informacja Finansowa dot. prowadzenia ROD za 2022 r. b\u0119d\u0105 wystawione\" \/>\n\t\t<meta property=\"og:url\" content=\"https:\/\/rodksieciajozefa.pl\/index.php\/2023\/03\/27\/walne-zebranie-rod-odbedzie-sie-22-04-2023\/\" \/>\n\t\t<meta property=\"article:published_time\" content=\"2023-03-27T18:38:36+00:00\" \/>\n\t\t<meta property=\"article:modified_time\" content=\"2023-04-11T06:46:44+00:00\" \/>\n\t\t<meta name=\"twitter:card\" content=\"summary_large_image\" \/>\n\t\t<meta name=\"twitter:title\" content=\"Walne Zebranie ROD odb\u0119dzie si\u0119 22.04.2023 - ROD im. Ksi\u0119cia J\u00f3zefa w Krakowie\" \/>\n\t\t<meta name=\"twitter:description\" content=\"Zarz\u0105d ROD im Ksi\u0119cia J\u00f3zefa w Krakowie zaprasza Wszystkich Dzia\u0142kowc\u00f3w upowa\u017cnionych do uczestnictwa tj. cz\u0142onk\u00f3w PZD w Walnym Zebraniu ROD w dniu 22.04.2023 roku w siedzibie biura ROD Zofi\u00f3wce:- o godz. 11:00 \u2013 pierwszy termin,- o godz. 11:30 \u2013 drugi termin.Proponowany porz\u0105dek obrad WZ oraz Informacja Finansowa dot. prowadzenia ROD za 2022 r. b\u0119d\u0105 wystawione\" \/>\n\t\t<script type=\"application\/ld+json\" class=\"aioseo-schema\">\n\t\t\t{\"@context\":\"https:\\\/\\\/schema.org\",\"@graph\":[{\"@type\":\"BlogPosting\",\"@id\":\"https:\\\/\\\/rodksieciajozefa.pl\\\/index.php\\\/2023\\\/03\\\/27\\\/walne-zebranie-rod-odbedzie-sie-22-04-2023\\\/#blogposting\",\"name\":\"Walne Zebranie ROD odb\\u0119dzie si\\u0119 22.04.2023 - ROD im. Ksi\\u0119cia J\\u00f3zefa w Krakowie\",\"headline\":\"Walne Zebranie ROD odb\\u0119dzie si\\u0119 22.04.2023\",\"author\":{\"@id\":\"https:\\\/\\\/rodksieciajozefa.pl\\\/index.php\\\/author\\\/zarzad\\\/#author\"},\"publisher\":{\"@id\":\"https:\\\/\\\/rodksieciajozefa.pl\\\/#organization\"},\"image\":{\"@type\":\"ImageObject\",\"url\":\"https:\\\/\\\/rodksieciajozefa.pl\\\/wp-content\\\/uploads\\\/2022\\\/10\\\/image008.png\",\"@id\":\"https:\\\/\\\/rodksieciajozefa.pl\\\/#articleImage\",\"width\":1620,\"height\":1080},\"datePublished\":\"2023-03-27T18:38:36+00:00\",\"dateModified\":\"2023-04-11T06:46:44+00:00\",\"inLanguage\":\"pl-PL\",\"mainEntityOfPage\":{\"@id\":\"https:\\\/\\\/rodksieciajozefa.pl\\\/index.php\\\/2023\\\/03\\\/27\\\/walne-zebranie-rod-odbedzie-sie-22-04-2023\\\/#webpage\"},\"isPartOf\":{\"@id\":\"https:\\\/\\\/rodksieciajozefa.pl\\\/index.php\\\/2023\\\/03\\\/27\\\/walne-zebranie-rod-odbedzie-sie-22-04-2023\\\/#webpage\"},\"articleSection\":\"OG\\u0141OSZENIA\"},{\"@type\":\"BreadcrumbList\",\"@id\":\"https:\\\/\\\/rodksieciajozefa.pl\\\/index.php\\\/2023\\\/03\\\/27\\\/walne-zebranie-rod-odbedzie-sie-22-04-2023\\\/#breadcrumblist\",\"itemListElement\":[{\"@type\":\"ListItem\",\"@id\":\"https:\\\/\\\/rodksieciajozefa.pl#listItem\",\"position\":1,\"name\":\"Home\",\"item\":\"https:\\\/\\\/rodksieciajozefa.pl\",\"nextItem\":{\"@type\":\"ListItem\",\"@id\":\"https:\\\/\\\/rodksieciajozefa.pl\\\/index.php\\\/kategoria\\\/ogloszenia\\\/#listItem\",\"name\":\"OG\\u0141OSZENIA\"}},{\"@type\":\"ListItem\",\"@id\":\"https:\\\/\\\/rodksieciajozefa.pl\\\/index.php\\\/kategoria\\\/ogloszenia\\\/#listItem\",\"position\":2,\"name\":\"OG\\u0141OSZENIA\",\"item\":\"https:\\\/\\\/rodksieciajozefa.pl\\\/index.php\\\/kategoria\\\/ogloszenia\\\/\",\"nextItem\":{\"@type\":\"ListItem\",\"@id\":\"https:\\\/\\\/rodksieciajozefa.pl\\\/index.php\\\/2023\\\/03\\\/27\\\/walne-zebranie-rod-odbedzie-sie-22-04-2023\\\/#listItem\",\"name\":\"Walne Zebranie ROD odb\\u0119dzie si\\u0119 22.04.2023\"},\"previousItem\":{\"@type\":\"ListItem\",\"@id\":\"https:\\\/\\\/rodksieciajozefa.pl#listItem\",\"name\":\"Home\"}},{\"@type\":\"ListItem\",\"@id\":\"https:\\\/\\\/rodksieciajozefa.pl\\\/index.php\\\/2023\\\/03\\\/27\\\/walne-zebranie-rod-odbedzie-sie-22-04-2023\\\/#listItem\",\"position\":3,\"name\":\"Walne Zebranie ROD odb\\u0119dzie si\\u0119 22.04.2023\",\"previousItem\":{\"@type\":\"ListItem\",\"@id\":\"https:\\\/\\\/rodksieciajozefa.pl\\\/index.php\\\/kategoria\\\/ogloszenia\\\/#listItem\",\"name\":\"OG\\u0141OSZENIA\"}}]},{\"@type\":\"Organization\",\"@id\":\"https:\\\/\\\/rodksieciajozefa.pl\\\/#organization\",\"name\":\"ROD im. Ksi\\u0119cia J\\u00f3zefa w Krakowie\",\"url\":\"https:\\\/\\\/rodksieciajozefa.pl\\\/\",\"logo\":{\"@type\":\"ImageObject\",\"url\":\"https:\\\/\\\/rodksieciajozefa.pl\\\/wp-content\\\/uploads\\\/2022\\\/10\\\/image008.png\",\"@id\":\"https:\\\/\\\/rodksieciajozefa.pl\\\/index.php\\\/2023\\\/03\\\/27\\\/walne-zebranie-rod-odbedzie-sie-22-04-2023\\\/#organizationLogo\",\"width\":1620,\"height\":1080},\"image\":{\"@id\":\"https:\\\/\\\/rodksieciajozefa.pl\\\/index.php\\\/2023\\\/03\\\/27\\\/walne-zebranie-rod-odbedzie-sie-22-04-2023\\\/#organizationLogo\"}},{\"@type\":\"Person\",\"@id\":\"https:\\\/\\\/rodksieciajozefa.pl\\\/index.php\\\/author\\\/zarzad\\\/#author\",\"url\":\"https:\\\/\\\/rodksieciajozefa.pl\\\/index.php\\\/author\\\/zarzad\\\/\",\"name\":\"Zarz\\u0105d ROD\",\"image\":{\"@type\":\"ImageObject\",\"@id\":\"https:\\\/\\\/rodksieciajozefa.pl\\\/index.php\\\/2023\\\/03\\\/27\\\/walne-zebranie-rod-odbedzie-sie-22-04-2023\\\/#authorImage\",\"url\":\"https:\\\/\\\/secure.gravatar.com\\\/avatar\\\/133cea342198ceba8b49b75dffaaf734804dda68bbeedf24bbb5bcb571d32b7d?s=96&d=mm&r=g\",\"width\":96,\"height\":96,\"caption\":\"Zarz\\u0105d ROD\"}},{\"@type\":\"WebPage\",\"@id\":\"https:\\\/\\\/rodksieciajozefa.pl\\\/index.php\\\/2023\\\/03\\\/27\\\/walne-zebranie-rod-odbedzie-sie-22-04-2023\\\/#webpage\",\"url\":\"https:\\\/\\\/rodksieciajozefa.pl\\\/index.php\\\/2023\\\/03\\\/27\\\/walne-zebranie-rod-odbedzie-sie-22-04-2023\\\/\",\"name\":\"Walne Zebranie ROD odb\\u0119dzie si\\u0119 22.04.2023 - ROD im. Ksi\\u0119cia J\\u00f3zefa w Krakowie\",\"description\":\"Zarz\\u0105d ROD im Ksi\\u0119cia J\\u00f3zefa w Krakowie zaprasza Wszystkich Dzia\\u0142kowc\\u00f3w upowa\\u017cnionych do uczestnictwa tj. cz\\u0142onk\\u00f3w PZD w Walnym Zebraniu ROD w dniu 22.04.2023 roku w siedzibie biura ROD Zofi\\u00f3wce:- o godz. 11:00 \\u2013 pierwszy termin,- o godz. 11:30 \\u2013 drugi termin.Proponowany porz\\u0105dek obrad WZ oraz Informacja Finansowa dot. prowadzenia ROD za 2022 r. b\\u0119d\\u0105 wystawione\",\"inLanguage\":\"pl-PL\",\"isPartOf\":{\"@id\":\"https:\\\/\\\/rodksieciajozefa.pl\\\/#website\"},\"breadcrumb\":{\"@id\":\"https:\\\/\\\/rodksieciajozefa.pl\\\/index.php\\\/2023\\\/03\\\/27\\\/walne-zebranie-rod-odbedzie-sie-22-04-2023\\\/#breadcrumblist\"},\"author\":{\"@id\":\"https:\\\/\\\/rodksieciajozefa.pl\\\/index.php\\\/author\\\/zarzad\\\/#author\"},\"creator\":{\"@id\":\"https:\\\/\\\/rodksieciajozefa.pl\\\/index.php\\\/author\\\/zarzad\\\/#author\"},\"datePublished\":\"2023-03-27T18:38:36+00:00\",\"dateModified\":\"2023-04-11T06:46:44+00:00\"},{\"@type\":\"WebSite\",\"@id\":\"https:\\\/\\\/rodksieciajozefa.pl\\\/#website\",\"url\":\"https:\\\/\\\/rodksieciajozefa.pl\\\/\",\"name\":\"ROD im. Ksi\\u0119cia J\\u00f3zefa w Krakowie\",\"inLanguage\":\"pl-PL\",\"publisher\":{\"@id\":\"https:\\\/\\\/rodksieciajozefa.pl\\\/#organization\"}}]}\n\t\t<\/script>\n\t\t<!-- All in One SEO -->\n\n","aioseo_head_json":{"title":"Walne Zebranie ROD odb\u0119dzie si\u0119 22.04.2023 - ROD im. Ksi\u0119cia J\u00f3zefa w Krakowie","description":"Zarz\u0105d ROD im Ksi\u0119cia J\u00f3zefa w Krakowie zaprasza Wszystkich Dzia\u0142kowc\u00f3w upowa\u017cnionych do uczestnictwa tj. cz\u0142onk\u00f3w PZD w Walnym Zebraniu ROD w dniu 22.04.2023 roku w siedzibie biura ROD Zofi\u00f3wce:- o godz. 11:00 \u2013 pierwszy termin,- o godz. 11:30 \u2013 drugi termin.Proponowany porz\u0105dek obrad WZ oraz Informacja Finansowa dot. prowadzenia ROD za 2022 r. b\u0119d\u0105 wystawione","canonical_url":"https:\/\/rodksieciajozefa.pl\/index.php\/2023\/03\/27\/walne-zebranie-rod-odbedzie-sie-22-04-2023\/","robots":"max-image-preview:large","keywords":"","webmasterTools":{"miscellaneous":""},"schema":{"@context":"https:\/\/schema.org","@graph":[{"@type":"BlogPosting","@id":"https:\/\/rodksieciajozefa.pl\/index.php\/2023\/03\/27\/walne-zebranie-rod-odbedzie-sie-22-04-2023\/#blogposting","name":"Walne Zebranie ROD odb\u0119dzie si\u0119 22.04.2023 - ROD im. Ksi\u0119cia J\u00f3zefa w Krakowie","headline":"Walne Zebranie ROD odb\u0119dzie si\u0119 22.04.2023","author":{"@id":"https:\/\/rodksieciajozefa.pl\/index.php\/author\/zarzad\/#author"},"publisher":{"@id":"https:\/\/rodksieciajozefa.pl\/#organization"},"image":{"@type":"ImageObject","url":"https:\/\/rodksieciajozefa.pl\/wp-content\/uploads\/2022\/10\/image008.png","@id":"https:\/\/rodksieciajozefa.pl\/#articleImage","width":1620,"height":1080},"datePublished":"2023-03-27T18:38:36+00:00","dateModified":"2023-04-11T06:46:44+00:00","inLanguage":"pl-PL","mainEntityOfPage":{"@id":"https:\/\/rodksieciajozefa.pl\/index.php\/2023\/03\/27\/walne-zebranie-rod-odbedzie-sie-22-04-2023\/#webpage"},"isPartOf":{"@id":"https:\/\/rodksieciajozefa.pl\/index.php\/2023\/03\/27\/walne-zebranie-rod-odbedzie-sie-22-04-2023\/#webpage"},"articleSection":"OG\u0141OSZENIA"},{"@type":"BreadcrumbList","@id":"https:\/\/rodksieciajozefa.pl\/index.php\/2023\/03\/27\/walne-zebranie-rod-odbedzie-sie-22-04-2023\/#breadcrumblist","itemListElement":[{"@type":"ListItem","@id":"https:\/\/rodksieciajozefa.pl#listItem","position":1,"name":"Home","item":"https:\/\/rodksieciajozefa.pl","nextItem":{"@type":"ListItem","@id":"https:\/\/rodksieciajozefa.pl\/index.php\/kategoria\/ogloszenia\/#listItem","name":"OG\u0141OSZENIA"}},{"@type":"ListItem","@id":"https:\/\/rodksieciajozefa.pl\/index.php\/kategoria\/ogloszenia\/#listItem","position":2,"name":"OG\u0141OSZENIA","item":"https:\/\/rodksieciajozefa.pl\/index.php\/kategoria\/ogloszenia\/","nextItem":{"@type":"ListItem","@id":"https:\/\/rodksieciajozefa.pl\/index.php\/2023\/03\/27\/walne-zebranie-rod-odbedzie-sie-22-04-2023\/#listItem","name":"Walne Zebranie ROD odb\u0119dzie si\u0119 22.04.2023"},"previousItem":{"@type":"ListItem","@id":"https:\/\/rodksieciajozefa.pl#listItem","name":"Home"}},{"@type":"ListItem","@id":"https:\/\/rodksieciajozefa.pl\/index.php\/2023\/03\/27\/walne-zebranie-rod-odbedzie-sie-22-04-2023\/#listItem","position":3,"name":"Walne Zebranie ROD odb\u0119dzie si\u0119 22.04.2023","previousItem":{"@type":"ListItem","@id":"https:\/\/rodksieciajozefa.pl\/index.php\/kategoria\/ogloszenia\/#listItem","name":"OG\u0141OSZENIA"}}]},{"@type":"Organization","@id":"https:\/\/rodksieciajozefa.pl\/#organization","name":"ROD im. Ksi\u0119cia J\u00f3zefa w Krakowie","url":"https:\/\/rodksieciajozefa.pl\/","logo":{"@type":"ImageObject","url":"https:\/\/rodksieciajozefa.pl\/wp-content\/uploads\/2022\/10\/image008.png","@id":"https:\/\/rodksieciajozefa.pl\/index.php\/2023\/03\/27\/walne-zebranie-rod-odbedzie-sie-22-04-2023\/#organizationLogo","width":1620,"height":1080},"image":{"@id":"https:\/\/rodksieciajozefa.pl\/index.php\/2023\/03\/27\/walne-zebranie-rod-odbedzie-sie-22-04-2023\/#organizationLogo"}},{"@type":"Person","@id":"https:\/\/rodksieciajozefa.pl\/index.php\/author\/zarzad\/#author","url":"https:\/\/rodksieciajozefa.pl\/index.php\/author\/zarzad\/","name":"Zarz\u0105d ROD","image":{"@type":"ImageObject","@id":"https:\/\/rodksieciajozefa.pl\/index.php\/2023\/03\/27\/walne-zebranie-rod-odbedzie-sie-22-04-2023\/#authorImage","url":"https:\/\/secure.gravatar.com\/avatar\/133cea342198ceba8b49b75dffaaf734804dda68bbeedf24bbb5bcb571d32b7d?s=96&d=mm&r=g","width":96,"height":96,"caption":"Zarz\u0105d ROD"}},{"@type":"WebPage","@id":"https:\/\/rodksieciajozefa.pl\/index.php\/2023\/03\/27\/walne-zebranie-rod-odbedzie-sie-22-04-2023\/#webpage","url":"https:\/\/rodksieciajozefa.pl\/index.php\/2023\/03\/27\/walne-zebranie-rod-odbedzie-sie-22-04-2023\/","name":"Walne Zebranie ROD odb\u0119dzie si\u0119 22.04.2023 - ROD im. Ksi\u0119cia J\u00f3zefa w Krakowie","description":"Zarz\u0105d ROD im Ksi\u0119cia J\u00f3zefa w Krakowie zaprasza Wszystkich Dzia\u0142kowc\u00f3w upowa\u017cnionych do uczestnictwa tj. cz\u0142onk\u00f3w PZD w Walnym Zebraniu ROD w dniu 22.04.2023 roku w siedzibie biura ROD Zofi\u00f3wce:- o godz. 11:00 \u2013 pierwszy termin,- o godz. 11:30 \u2013 drugi termin.Proponowany porz\u0105dek obrad WZ oraz Informacja Finansowa dot. prowadzenia ROD za 2022 r. b\u0119d\u0105 wystawione","inLanguage":"pl-PL","isPartOf":{"@id":"https:\/\/rodksieciajozefa.pl\/#website"},"breadcrumb":{"@id":"https:\/\/rodksieciajozefa.pl\/index.php\/2023\/03\/27\/walne-zebranie-rod-odbedzie-sie-22-04-2023\/#breadcrumblist"},"author":{"@id":"https:\/\/rodksieciajozefa.pl\/index.php\/author\/zarzad\/#author"},"creator":{"@id":"https:\/\/rodksieciajozefa.pl\/index.php\/author\/zarzad\/#author"},"datePublished":"2023-03-27T18:38:36+00:00","dateModified":"2023-04-11T06:46:44+00:00"},{"@type":"WebSite","@id":"https:\/\/rodksieciajozefa.pl\/#website","url":"https:\/\/rodksieciajozefa.pl\/","name":"ROD im. Ksi\u0119cia J\u00f3zefa w Krakowie","inLanguage":"pl-PL","publisher":{"@id":"https:\/\/rodksieciajozefa.pl\/#organization"}}]},"og:locale":"pl_PL","og:site_name":"ROD im. Ksi\u0119cia J\u00f3zefa w Krakowie -","og:type":"article","og:title":"Walne Zebranie ROD odb\u0119dzie si\u0119 22.04.2023 - ROD im. Ksi\u0119cia J\u00f3zefa w Krakowie","og:description":"Zarz\u0105d ROD im Ksi\u0119cia J\u00f3zefa w Krakowie zaprasza Wszystkich Dzia\u0142kowc\u00f3w upowa\u017cnionych do uczestnictwa tj. cz\u0142onk\u00f3w PZD w Walnym Zebraniu ROD w dniu 22.04.2023 roku w siedzibie biura ROD Zofi\u00f3wce:- o godz. 11:00 \u2013 pierwszy termin,- o godz. 11:30 \u2013 drugi termin.Proponowany porz\u0105dek obrad WZ oraz Informacja Finansowa dot. prowadzenia ROD za 2022 r. b\u0119d\u0105 wystawione","og:url":"https:\/\/rodksieciajozefa.pl\/index.php\/2023\/03\/27\/walne-zebranie-rod-odbedzie-sie-22-04-2023\/","article:published_time":"2023-03-27T18:38:36+00:00","article:modified_time":"2023-04-11T06:46:44+00:00","twitter:card":"summary_large_image","twitter:title":"Walne Zebranie ROD odb\u0119dzie si\u0119 22.04.2023 - ROD im. Ksi\u0119cia J\u00f3zefa w Krakowie","twitter:description":"Zarz\u0105d ROD im Ksi\u0119cia J\u00f3zefa w Krakowie zaprasza Wszystkich Dzia\u0142kowc\u00f3w upowa\u017cnionych do uczestnictwa tj. cz\u0142onk\u00f3w PZD w Walnym Zebraniu ROD w dniu 22.04.2023 roku w siedzibie biura ROD Zofi\u00f3wce:- o godz. 11:00 \u2013 pierwszy termin,- o godz. 11:30 \u2013 drugi termin.Proponowany porz\u0105dek obrad WZ oraz Informacja Finansowa dot. prowadzenia ROD za 2022 r. b\u0119d\u0105 wystawione"},"aioseo_meta_data":{"post_id":"507","title":null,"description":null,"keywords":[],"keyphrases":{"focus":{"keyphrase":"","score":0,"analysis":{"keyphraseInTitle":{"score":0,"maxScore":9,"error":1}}},"additional":[]},"primary_term":null,"canonical_url":null,"og_title":null,"og_description":null,"og_object_type":"default","og_image_type":"default","og_image_url":null,"og_image_width":null,"og_image_height":null,"og_image_custom_url":null,"og_image_custom_fields":null,"og_video":"","og_custom_url":null,"og_article_section":null,"og_article_tags":[],"twitter_use_og":false,"twitter_card":"default","twitter_image_type":"default","twitter_image_url":null,"twitter_image_custom_url":null,"twitter_image_custom_fields":null,"twitter_title":null,"twitter_description":null,"schema":{"blockGraphs":[],"customGraphs":[],"default":{"data":{"Article":[],"Course":[],"Dataset":[],"FAQPage":[],"Movie":[],"Person":[],"Product":[],"ProductReview":[],"Car":[],"Recipe":[],"Service":[],"SoftwareApplication":[],"WebPage":[]},"graphName":"BlogPosting","isEnabled":true},"graphs":[]},"schema_type":"default","schema_type_options":null,"pillar_content":false,"robots_default":true,"robots_noindex":false,"robots_noarchive":false,"robots_nosnippet":false,"robots_nofollow":false,"robots_noimageindex":false,"robots_noodp":false,"robots_notranslate":false,"robots_max_snippet":"-1","robots_max_videopreview":"-1","robots_max_imagepreview":"large","priority":null,"frequency":"default","local_seo":null,"breadcrumb_settings":null,"limit_modified_date":false,"ai":null,"created":"2023-03-27 18:38:37","updated":"2025-06-03 20:12:40","seo_analyzer_scan_date":null,"focus_keyword":null,"additional_keywords":null,"truseo_locale":null},"aioseo_breadcrumb":"<div class=\"aioseo-breadcrumbs\"><span class=\"aioseo-breadcrumb\">\n\t\t\t<a href=\"https:\/\/rodksieciajozefa.pl\" title=\"Home\">Home<\/a>\n\t\t<\/span><span class=\"aioseo-breadcrumb-separator\">&raquo;<\/span><span class=\"aioseo-breadcrumb\">\n\t\t\t<a href=\"https:\/\/rodksieciajozefa.pl\/index.php\/kategoria\/ogloszenia\/\" title=\"OG\u0141OSZENIA\">OG\u0141OSZENIA<\/a>\n\t\t<\/span><span class=\"aioseo-breadcrumb-separator\">&raquo;<\/span><span class=\"aioseo-breadcrumb\">\n\t\t\tWalne Zebranie ROD odb\u0119dzie si\u0119 22.04.2023\n\t\t<\/span><\/div>","aioseo_breadcrumb_json":[{"label":"Home","link":"https:\/\/rodksieciajozefa.pl"},{"label":"OG\u0141OSZENIA","link":"https:\/\/rodksieciajozefa.pl\/index.php\/kategoria\/ogloszenia\/"},{"label":"Walne Zebranie ROD odb\u0119dzie si\u0119 22.04.2023","link":"https:\/\/rodksieciajozefa.pl\/index.php\/2023\/03\/27\/walne-zebranie-rod-odbedzie-sie-22-04-2023\/"}],"_links":{"self":[{"href":"https:\/\/rodksieciajozefa.pl\/index.php\/wp-json\/wp\/v2\/posts\/507","targetHints":{"allow":["GET"]}}],"collection":[{"href":"https:\/\/rodksieciajozefa.pl\/index.php\/wp-json\/wp\/v2\/posts"}],"about":[{"href":"https:\/\/rodksieciajozefa.pl\/index.php\/wp-json\/wp\/v2\/types\/post"}],"author":[{"embeddable":true,"href":"https:\/\/rodksieciajozefa.pl\/index.php\/wp-json\/wp\/v2\/users\/2"}],"replies":[{"embeddable":true,"href":"https:\/\/rodksieciajozefa.pl\/index.php\/wp-json\/wp\/v2\/comments?post=507"}],"version-history":[{"count":6,"href":"https:\/\/rodksieciajozefa.pl\/index.php\/wp-json\/wp\/v2\/posts\/507\/revisions"}],"predecessor-version":[{"id":528,"href":"https:\/\/rodksieciajozefa.pl\/index.php\/wp-json\/wp\/v2\/posts\/507\/revisions\/528"}],"wp:attachment":[{"href":"https:\/\/rodksieciajozefa.pl\/index.php\/wp-json\/wp\/v2\/media?parent=507"}],"wp:term":[{"taxonomy":"category","embeddable":true,"href":"https:\/\/rodksieciajozefa.pl\/index.php\/wp-json\/wp\/v2\/categories?post=507"},{"taxonomy":"post_tag","embeddable":true,"href":"https:\/\/rodksieciajozefa.pl\/index.php\/wp-json\/wp\/v2\/tags?post=507"}],"curies":[{"name":"wp","href":"https:\/\/api.w.org\/{rel}","templated":true}]}}