{"id":544,"date":"2023-04-23T18:16:42","date_gmt":"2023-04-23T18:16:42","guid":{"rendered":"https:\/\/rodksieciajozefa.pl\/?p=544"},"modified":"2023-05-14T12:08:02","modified_gmt":"2023-05-14T12:08:02","slug":"oplata-roczna-za-uzytkowanie-dzialki-na-sezon-2023-r","status":"publish","type":"post","link":"https:\/\/rodksieciajozefa.pl\/index.php\/2023\/04\/23\/oplata-roczna-za-uzytkowanie-dzialki-na-sezon-2023-r\/","title":{"rendered":"Op\u0142aty za u\u017cytkowanie dzia\u0142ki na sezon 2023 r."},"content":{"rendered":"\n<h2 class=\"wp-block-heading has-text-align-center\"><strong>Op\u0142ata roczna za u\u017cytkowanie dzia\u0142ki na sezon 2023 r. wynosi odpowiednio<\/strong><\/h2>\n\n\n\n<figure class=\"wp-block-table\"><table><tbody><tr><td><\/td><td><strong>Dzia\u0142ki 300 m<sup>2<\/sup><\/strong><\/td><td><strong>Dzia\u0142ki 270 m<sup>2<\/sup><\/strong><\/td><\/tr><tr><td>op\u0142ata ogrodowa 0, 45 z\u0142\/m<\/td><td>135<\/td><td>121,50<\/td><\/tr><tr><td>op\u0142aty uchwalone na Walnym Zebraniu<\/td><td>15<\/td><td>15<\/td><\/tr><tr><td>op\u0142ata inwestycyjna<\/td><td>300<\/td><td>300<\/td><\/tr><tr><td><strong>Razem<\/strong><\/td><td><strong>450<\/strong> pln<\/td><td><strong>436,50<\/strong> pln<\/td><\/tr><\/tbody><\/table><\/figure>\n\n\n\n<p>Powy\u017csze op\u0142aty wp\u0142acamy do dnia <strong>31.05.2023<\/strong> r. na konto bankowe ROD:<br>&#8211; o numerze <strong>06 8591 0007 0020 0000 3098 0001<\/strong><br>&#8211; w tytule prosimy poda\u0107<strong> nr dzia\u0142ki<\/strong> oraz<strong> czego dotyczy oplata<\/strong><\/p>\n\n\n\n<p><\/p>\n\n\n\n<p><\/p>\n\n\n\n<h2 class=\"wp-block-heading has-text-align-center\">Op\u0142aty za media w sezonie 2023 r.<\/h2>\n\n\n\n<p>Zgodnie z odczytem licznik\u00f3w:<\/p>\n\n\n\n<ul class=\"wp-block-list\">\n<li> za pr\u0105d 1,15 z\u0142 \/ 1 kwh, <\/li>\n\n\n\n<li>za wod\u0119 5,45 z\u0142 \/ 1 m<sup>3<\/sup><br><br>wp\u0142acamy na w\/w nr konta do dnia <strong>31.11.2023<\/strong> r. w tytule zawsze podawa\u0107 <strong>nr dzia\u0142ki<\/strong><br><strong>w rozbiciu ile za pr\u0105d, a ile za wod\u0119.<\/strong><\/li>\n<\/ul>\n\n\n\n<figure class=\"wp-block-table\"><table><tbody><tr><td class=\"has-text-align-center\" data-align=\"center\"><strong>przyk\u0142adowy tytu\u0142 przelewu za wod\u0119<\/strong><\/td><td class=\"has-text-align-center\" data-align=\"center\"><strong>przyk\u0142adowy tytu\u0142 przelewu za pr\u0105d<\/strong><\/td><\/tr><tr><td class=\"has-text-align-center\" data-align=\"center\">DZIA\u0141KA XX &#8211; OP\u0141ATA ZA WODE &#8211; STAN LICZNIKA<\/td><td class=\"has-text-align-center\" data-align=\"center\">DZIA\u0141KA XX &#8211; OP\u0141ATA ZA PR\u0104D &#8211; STAN LICZNIKA<\/td><\/tr><\/tbody><\/table><figcaption class=\"wp-element-caption\">sugerowane tytu\u0142y przelew\u00f3w<\/figcaption><\/figure>\n\n\n\n<p>Zarz\u0105d ROD uprzejmie prosi o terminowe wp\u0142aty.<\/p>\n\n\n\n<p><\/p>\n\n\n\n<p class=\"has-text-align-right\"><em>Z pozdrowieniami i wyrazami szacunku<br>Zarz\u0105d ROD<\/em><\/p>\n\n\n\n<p><\/p>\n","protected":false},"excerpt":{"rendered":"<p>Op\u0142ata roczna za u\u017cytkowanie dzia\u0142ki na sezon 2023 r. wynosi odpowiednio Dzia\u0142ki 300 m2 Dzia\u0142ki 270 m2 op\u0142ata ogrodowa 0, [&hellip;]<\/p>\n","protected":false},"author":2,"featured_media":0,"comment_status":"closed","ping_status":"closed","sticky":false,"template":"","format":"standard","meta":{"om_disable_all_campaigns":false,"ngg_post_thumbnail":0,"footnotes":""},"categories":[1],"tags":[],"class_list":["post-544","post","type-post","status-publish","format-standard","hentry","category-ogloszenia"],"aioseo_notices":[],"_links":{"self":[{"href":"https:\/\/rodksieciajozefa.pl\/index.php\/wp-json\/wp\/v2\/posts\/544","targetHints":{"allow":["GET"]}}],"collection":[{"href":"https:\/\/rodksieciajozefa.pl\/index.php\/wp-json\/wp\/v2\/posts"}],"about":[{"href":"https:\/\/rodksieciajozefa.pl\/index.php\/wp-json\/wp\/v2\/types\/post"}],"author":[{"embeddable":true,"href":"https:\/\/rodksieciajozefa.pl\/index.php\/wp-json\/wp\/v2\/users\/2"}],"replies":[{"embeddable":true,"href":"https:\/\/rodksieciajozefa.pl\/index.php\/wp-json\/wp\/v2\/comments?post=544"}],"version-history":[{"count":13,"href":"https:\/\/rodksieciajozefa.pl\/index.php\/wp-json\/wp\/v2\/posts\/544\/revisions"}],"predecessor-version":[{"id":575,"href":"https:\/\/rodksieciajozefa.pl\/index.php\/wp-json\/wp\/v2\/posts\/544\/revisions\/575"}],"wp:attachment":[{"href":"https:\/\/rodksieciajozefa.pl\/index.php\/wp-json\/wp\/v2\/media?parent=544"}],"wp:term":[{"taxonomy":"category","embeddable":true,"href":"https:\/\/rodksieciajozefa.pl\/index.php\/wp-json\/wp\/v2\/categories?post=544"},{"taxonomy":"post_tag","embeddable":true,"href":"https:\/\/rodksieciajozefa.pl\/index.php\/wp-json\/wp\/v2\/tags?post=544"}],"curies":[{"name":"wp","href":"https:\/\/api.w.org\/{rel}","templated":true}]}}